{"id":20863,"date":"2026-08-31T07:30:00","date_gmt":"2026-08-31T05:30:00","guid":{"rendered":"https:\/\/karlsruhe.digital\/2026\/08\/kw-36-2026-events-dates-in-karlsruhe\/"},"modified":"2026-08-31T07:30:46","modified_gmt":"2026-08-31T05:30:46","slug":"kw-36-2026-events-dates-in-karlsruhe","status":"publish","type":"post","link":"https:\/\/karlsruhe.digital\/en\/2026\/08\/kw-36-2026-events-dates-in-karlsruhe\/","title":{"rendered":"Week 36, 2026 &#8211; Events &#038; Dates in Karlsruhe"},"content":{"rendered":"\n<p class=\"wp-block-paragraph\">Every Monday, here on <a href=\"https:\/\/karlsruhe.digital\/en\/blog\/\">the karlsruhe.digital blog<\/a>, we post information about events, workshops, lectures, regular get-togethers, and more related to digital topics. Calendar Week 36 in 2026. <\/p>\n\n<p class=\"wp-block-paragraph\"><strong>The whole week<\/strong><\/p>\n\n<p class=\"wp-block-paragraph\"><strong>KME Karlsruhe Marketing und Event GmbH: SCHLOSSLICHTSPIELE 2026 \u2013 Lightyard Stories: Visions of Urban Living Spaces<\/strong><br\/><strong>Where:<\/strong> Karlsruhe Palace, Schlossplatz<br\/><strong>When:<\/strong> Daily from dusk (through September 13, 2026)<br\/><strong><a href=\"https:\/\/www.schlosslichtspiele.info\/abendspielplan\/\">More Info\/Registration<\/a><\/strong><\/p>\n\n<p class=\"wp-block-paragraph\"><strong>City of Karlsruhe Department of Culture | Cultural Office: media art is here 2026 \u2013 Media Art in Public Spaces<\/strong><br\/><strong>Where:<\/strong> various locations in Karlsruhe<br\/><strong>When:<\/strong> daily (through September 13, 2026)<br\/><strong><a href=\"https:\/\/www.cityofmediaarts.de\/de\/events\/media-art-is-here-2026\/\">More Info\/Registration<\/a><\/strong><\/p>\n\n<hr class=\"wp-block-separator has-alpha-channel-opacity\"\/>\n\n<h3 id=\"h-montag-31-august-2026\" class=\"wp-block-heading\"><strong>Monday, August 31, 2026<\/strong><\/h3>\n\n<p class=\"wp-block-paragraph\"><strong>Karlsruhe Institute of Technology (KIT): Science Camp Future Lab \u2013 Mobility of tomorrow (31.08.\u201304.09.)<\/strong><br\/> <strong>Where:<\/strong> TRIANGEL Transfer | Culture | Space, Kaiserstra\u00dfe 93<br\/> <strong>When:<\/strong> August 31\u2013September 4, 2026, from 9:00 a.m.<br\/> <strong><a href=\"https:\/\/www.triangel.space\/event\/science-camp-futures-lab-mobilitaet\/\">Further information\/registration<\/a><\/strong><\/p>\n\n<p class=\"wp-block-paragraph\"><strong>KIT SC eSports: Smash Weekly<\/strong><br\/><strong>Where:<\/strong> KIT Sport Institute ZED, Engler-Bunte-Ring 15<br\/><strong>When:<\/strong> 6:00 p.m.<br\/><strong><a href=\"https:\/\/start.gg\/kit-sc-smash-weekly\">More Info\/Registration<\/a><\/strong><\/p>\n\n<hr class=\"wp-block-separator has-alpha-channel-opacity\"\/>\n\n<h3 id=\"h-dienstag-1-september-2026\" class=\"wp-block-heading\"><strong>Tuesday, September 1, 2026<\/strong><\/h3>\n\n<p class=\"wp-block-paragraph\"><strong>Karlsruhe City Library: Simply digital! Consultation hour <\/strong><br\/><strong>Where:<\/strong> City Library in the Neues St\u00e4ndehaus, St\u00e4ndehausstra\u00dfe 2, 1st floor<br\/><strong>When:<\/strong> 10:00-12:00<br\/><strong><a href=\"https:\/\/stadtbibliothek.karlsruhe.de\/termine\/sprechstunden\">Further information\/registration<\/a><\/strong><\/p>\n\n<p class=\"wp-block-paragraph\"><strong>Karlsruhe Institute of Technology (KIT) &amp; Karlsruhe University of Applied Sciences (HKA): Duckietown at the MobiLab (Sept. 1\u20132)<\/strong><br\/><strong>Where:<\/strong> MobiLab at Kronenplatz<br\/><strong>When:<\/strong> September 1 and 2, 2026, 10:00 a.m.\u20132:00 p.m. each day <br\/><strong><a href=\"https:\/\/karlsruher-technik-initiative.de\/\">Further information\/registration<\/a><\/strong><\/p>\n\n<p class=\"wp-block-paragraph\"><strong>Karlsruhe City Media Center: Summer Workshop \u201cYour Voice, Your Story\u201d (Sept. 1\u20132)<\/strong><br\/><strong>Where:<\/strong> Karlsruhe City Media Center, Moltkestra\u00dfe 64<br\/><strong>When:<\/strong> September 1 and 2, 2026, 9:00 a.m.\u20133:00 p.m. each day <br\/><strong><a href=\"https:\/\/www.smz-karlsruhe.de\/\">Further information\/registration<\/a><\/strong><\/p>\n\n<hr class=\"wp-block-separator has-alpha-channel-opacity\"\/>\n\n<h3 id=\"h-mittwoch-2-september-2026\" class=\"wp-block-heading\"><strong>Wednesday, September 2, 2026<\/strong><\/h3>\n\n<p class=\"wp-block-paragraph\"><strong>ZKM | Center for Art and Media Karlsruhe: Coffee, Cake, Art<\/strong><br\/><strong>Where:<\/strong> ZKM | Center for Art and Media Karlsruhe<br\/><strong>When:<\/strong> 2:00\u20133:30 p.m.<br\/><strong><a href=\"https:\/\/zkm.de\/de\/2026\/04\/kaffee-kuchen-kunst\">More Info\/Registration<\/a><\/strong><\/p>\n\n<p class=\"wp-block-paragraph\"><strong>ZKM | Center for Art and Media Karlsruhe: Wednesday Meetup \u2013 Can a Robot Feel?<\/strong><br\/><strong>Where:<\/strong> ZKM | Center for Art and Media Karlsruhe, Lichthof 9 \/ B\u00c4M (1st floor), Lorenzstra\u00dfe 19<br\/><strong>When:<\/strong> 3:00\u20135:00 p.m.<br\/><strong><a href=\"https:\/\/zkm.de\/de\/2026\/09\/mittwochstreff-kann-ein-roboter-fuehlen\">More info\/Registration<\/a><\/strong><\/p>\n\n<p class=\"wp-block-paragraph\"><strong>Karlsruhe City Library: Onleihe Consultation Hour<\/strong><br\/><strong>Where:<\/strong> City Library in the Neues St\u00e4ndehaus, St\u00e4ndehausstra\u00dfe 2, 2nd floor<br\/><strong>When:<\/strong> 5:00\u20136:00 p.m.<br\/><strong><a href=\"https:\/\/stadtbibliothek.karlsruhe.de\/termine\/sprechstunden\">More Info\/Registration<\/a><\/strong><\/p>\n\n<hr class=\"wp-block-separator has-alpha-channel-opacity\"\/>\n\n<h3 id=\"h-donnerstag-3-september-2026\" class=\"wp-block-heading\"><strong>Thursday, September 3, 2026<\/strong><\/h3>\n\n<p class=\"wp-block-paragraph\"><strong>NHR@KIT &amp; Steinbuch Centre for Computing (SCC): HPC Caf\u00e9<\/strong><br\/><strong>Where:<\/strong> Karlsruhe Institute of Technology (KIT), South Campus, Building 20.20, Room 167, Circle 2 <br\/><strong>When:<\/strong> 10:00-12:00<br\/><strong><a href=\"https:\/\/indico.scc.kit.edu\/event\/4802\">Further information\/registration<\/a><\/strong><\/p>\n\n<p class=\"wp-block-paragraph\"><strong>City of Karlsruhe Department of Culture | Cultural Office: media art is here 2026 \u2013 Media Art Lunch Break<\/strong><br\/><strong>Where:<\/strong> Tourist Information Office, Kaiserstra\u00dfe 72\u201374<br\/><strong>When:<\/strong> 12:30 p.m., approx. 45 minutes<br\/><strong><a href=\"https:\/\/www.cityofmediaarts.de\/de\/events\/fuehrungen-media-art-is-here-2026\/\">More Info\/Registration<\/a><\/strong><\/p>\n\n<p class=\"wp-block-paragraph\"><strong>Badische Landesbibliothek: Explanatory Videos and Comic Tutorials Made Easy<\/strong><br\/><strong>Where:<\/strong> Lernwerkstatt, Erbprinzenstra\u00dfe 15<br\/><strong>When:<\/strong> 5:00\u20136:00 p.m.<br\/><strong><a href=\"https:\/\/www.blb-karlsruhe.de\/kalender\">More Info\/Registration<\/a><\/strong><\/p>\n\n<p class=\"wp-block-paragraph\"><strong>Karlsruhe City Library: Onleihe Consultation Hour<\/strong><br\/><strong>Where:<\/strong> City Library in the Neues St\u00e4ndehaus, St\u00e4ndehausstra\u00dfe 2, 2nd floor<br\/><strong>When:<\/strong> 5:00\u20136:00 p.m.<br\/><strong><a href=\"https:\/\/stadtbibliothek.karlsruhe.de\/termine\/sprechstunden\">More Info\/Registration<\/a><\/strong><\/p>\n\n<p class=\"wp-block-paragraph\"><strong>City of Karlsruhe Cultural Office | Cultural Bureau: media art is here 2026 \u2013 Bicycle tour<\/strong><br\/> <strong>Where:<\/strong> Meeting point in front of the castle<br\/> <strong>When:<\/strong> 6:00 PM, approximately 90 minutes<br\/> <strong><a href=\"https:\/\/www.cityofmediaarts.de\/de\/events\/fuehrungen-media-art-is-here-2026\/\">Further information\/registration<\/a><\/strong><\/p>\n\n<hr class=\"wp-block-separator has-alpha-channel-opacity\"\/>\n\n<h3 id=\"h-freitag-4-september-2026\" class=\"wp-block-heading\"><strong>Friday, September 4, 2026<\/strong><\/h3>\n\n<p class=\"wp-block-paragraph\"><strong>TRIANGEL Transfer | Culture | Space &amp; Karlsruhe Institute of Technology (KIT): Science Camp Future Lab \u2013 Public Closing Event<\/strong><br\/><strong>Where:<\/strong> TRIANGEL Transfer | Culture | Space, Kaiserstrasse 93<br\/><strong>When:<\/strong> 2:00\u20135:00 p.m.<br\/><strong><a href=\"https:\/\/www.triangel.space\/event\/science-camp-futures-lab-abschlussveranstaltung\/\">More Info\/Registration<\/a><\/strong><\/p>\n\n<hr class=\"wp-block-separator has-alpha-channel-opacity\"\/>\n\n<h3 id=\"h-samstag-5-september-2026\" class=\"wp-block-heading\"><strong>Saturday, September 5, 2026<\/strong><\/h3>\n\n<p class=\"wp-block-paragraph\"><strong>Karlsruhe City Library: Listen Up! Recording Studio <\/strong><br\/><strong>Where:<\/strong> Children&#8217;s and Youth Library in the Neues St\u00e4ndehaus<br\/><strong>When:<\/strong> 10:00-14:00<br\/><strong><a href=\"https:\/\/kalender.karlsruhe.de\/db\/termine\/literatur\/hor_mal_tonstudio\">Further information\/registration<\/a><\/strong><\/p>\n\n<p class=\"wp-block-paragraph\"><strong>Karlsruhe Institute of Technology (KIT): WissenSchafftKultur <\/strong><br\/><strong>Where:<\/strong> TRIANGEL Transfer | Culture | Space, Kaiserstrasse 93<br\/><strong>When:<\/strong> 4:00 p.m.\u20139:45 p.m.<br\/><strong><a href=\"https:\/\/www.triangel.space\/wissen-schafft-kultur\/\">More info\/Registration<\/a><\/strong><\/p>\n\n<p class=\"wp-block-paragraph\"><strong>Z10 &amp; <strong>Karlsruhe Institute of Technology (KIT)<\/strong>: Talk | Real or Fake? Fact-Checking in the Age of AI <\/strong><br\/><strong>Where:<\/strong> TRIANGEL Transfer | Culture | Space, Kaiserstra\u00dfe 93<br\/><strong>When:<\/strong> 7:00\u20138:00 p.m.<br\/><strong><a href=\"https:\/\/www.triangel.space\/event\/wsk_talk\/\">Further information\/registration<\/a><\/strong><\/p>\n\n<p class=\"wp-block-paragraph\"><strong>ZKM | Center for Art and Media Karlsruhe: Summer School \u2013 Premiere of \u201c!lli\u201d<\/strong><br\/><strong>Where:<\/strong> Castle facade<br\/><strong>When:<\/strong> 9:00 p.m.<br\/><strong><a href=\"https:\/\/zkm.de\/de\/2026\/09\/premiere-lli-der-zkm-summer-school\">More Info\/Registration<\/a><\/strong><\/p>\n\n<hr class=\"wp-block-separator has-alpha-channel-opacity\"\/>\n\n<h3 id=\"h-sonntag-6-september-2026\" class=\"wp-block-heading\"><strong>Sunday, September 6, 2026<\/strong><\/h3>\n\n<p class=\"wp-block-paragraph\">No other dates have been reported<\/p>\n\n<hr class=\"wp-block-separator has-alpha-channel-opacity\"\/>\n\n<p class=\"wp-block-paragraph\"><strong>Are you organizing a digital event in Karlsruhe? Let us know by sending an e-mail to <a href=\"mailto:event@karlsruhe.digital\">event@karlsruhe.digital<\/a>! <\/strong><\/p>\n","protected":false},"excerpt":{"rendered":"<p>Every Monday, here on the karlsruhe.digital blog, we post information about events, workshops, lectures, regular get-togethers, and more related to digital topics. Calendar Week 36 in 2026. The whole week KME Karlsruhe Marketing und Event GmbH: SCHLOSSLICHTSPIELE 2026 \u2013 Lightyard Stories: Visions of Urban Living SpacesWhere: Karlsruhe Palace, SchlossplatzWhen: Daily from dusk (through September 13, [&hellip;]<\/p>\n","protected":false},"author":9,"featured_media":20864,"comment_status":"closed","ping_status":"closed","sticky":false,"template":"","format":"standard","meta":{"_acf_changed":false,"footnotes":""},"categories":[46],"tags":[],"class_list":["post-20863","post","type-post","status-publish","format-standard","has-post-thumbnail","hentry","category-event-overview"],"acf":[],"yoast_head":"<!-- This site is optimized with the Yoast SEO Premium plugin v28.3 (Yoast SEO v28.3) - https:\/\/yoast.com\/product\/yoast-seo-premium-wordpress\/ -->\n<title>Week 36, 2026 - Events &amp; Dates in Karlsruhe - karlsruhe.digital<\/title>\n<meta name=\"description\" content=\"Digital events in and from Karlsruhe at a glance. Compiled for you every Monday by karlsruhe.digital. Week 36 of 2026.\" \/>\n<meta name=\"robots\" content=\"index, follow, max-snippet:-1, max-image-preview:large, max-video-preview:-1\" \/>\n<link rel=\"canonical\" href=\"https:\/\/karlsruhe.digital\/en\/2026\/08\/kw-36-2026-events-dates-in-karlsruhe\/\" \/>\n<meta property=\"og:locale\" content=\"en_US\" \/>\n<meta property=\"og:type\" content=\"article\" \/>\n<meta property=\"og:title\" content=\"Week 36, 2026 - Events &amp; Dates in Karlsruhe\" \/>\n<meta property=\"og:description\" content=\"Digital events in and from Karlsruhe at a glance. Compiled for you every Monday by karlsruhe.digital. Week 36 of 2026.\" \/>\n<meta property=\"og:url\" content=\"https:\/\/karlsruhe.digital\/en\/2026\/08\/kw-36-2026-events-dates-in-karlsruhe\/\" \/>\n<meta property=\"og:site_name\" content=\"karlsruhe.digital\" \/>\n<meta property=\"article:publisher\" content=\"https:\/\/www.facebook.com\/karlsruhe.digital\" \/>\n<meta property=\"article:published_time\" content=\"2026-08-31T05:30:00+00:00\" \/>\n<meta property=\"article:modified_time\" content=\"2026-08-31T05:30:46+00:00\" \/>\n<meta property=\"og:image\" content=\"https:\/\/karlsruhe.digital\/wp-content\/uploads\/2026\/08\/Summer6.png\" \/>\n\t<meta property=\"og:image:width\" content=\"1024\" \/>\n\t<meta property=\"og:image:height\" content=\"576\" \/>\n\t<meta property=\"og:image:type\" content=\"image\/png\" \/>\n<meta name=\"author\" content=\"Netzoptimisten\" \/>\n<meta name=\"twitter:card\" content=\"summary_large_image\" \/>\n<meta name=\"twitter:creator\" content=\"@KA_digital\" \/>\n<meta name=\"twitter:site\" content=\"@KA_digital\" \/>\n<meta name=\"twitter:label1\" content=\"Written by\" \/>\n\t<meta name=\"twitter:data1\" content=\"Netzoptimisten\" \/>\n\t<meta name=\"twitter:label2\" content=\"Est. reading time\" \/>\n\t<meta name=\"twitter:data2\" content=\"3 minutes\" \/>\n<script type=\"application\/ld+json\" class=\"yoast-schema-graph\">{\"@context\":\"https:\\\/\\\/schema.org\",\"@graph\":[{\"@type\":[\"Article\",\"BlogPosting\"],\"@id\":\"https:\\\/\\\/karlsruhe.digital\\\/en\\\/2026\\\/08\\\/kw-36-2026-events-dates-in-karlsruhe\\\/#article\",\"isPartOf\":{\"@id\":\"https:\\\/\\\/karlsruhe.digital\\\/en\\\/2026\\\/08\\\/kw-36-2026-events-dates-in-karlsruhe\\\/\"},\"author\":{\"name\":\"Netzoptimisten\",\"@id\":\"https:\\\/\\\/karlsruhe.digital\\\/en\\\/#\\\/schema\\\/person\\\/5a73e8fc12c2724c1c7d1c0a9fa184ec\"},\"headline\":\"Week 36, 2026 &#8211; Events &#038; Dates in Karlsruhe\",\"datePublished\":\"2026-08-31T05:30:00+00:00\",\"dateModified\":\"2026-08-31T05:30:46+00:00\",\"mainEntityOfPage\":{\"@id\":\"https:\\\/\\\/karlsruhe.digital\\\/en\\\/2026\\\/08\\\/kw-36-2026-events-dates-in-karlsruhe\\\/\"},\"wordCount\":597,\"publisher\":{\"@id\":\"https:\\\/\\\/karlsruhe.digital\\\/en\\\/#organization\"},\"image\":{\"@id\":\"https:\\\/\\\/karlsruhe.digital\\\/en\\\/2026\\\/08\\\/kw-36-2026-events-dates-in-karlsruhe\\\/#primaryimage\"},\"thumbnailUrl\":\"https:\\\/\\\/karlsruhe.digital\\\/wp-content\\\/uploads\\\/2026\\\/08\\\/Summer6.png\",\"articleSection\":[\"Event overview\"],\"inLanguage\":\"en-US\"},{\"@type\":\"WebPage\",\"@id\":\"https:\\\/\\\/karlsruhe.digital\\\/en\\\/2026\\\/08\\\/kw-36-2026-events-dates-in-karlsruhe\\\/\",\"url\":\"https:\\\/\\\/karlsruhe.digital\\\/en\\\/2026\\\/08\\\/kw-36-2026-events-dates-in-karlsruhe\\\/\",\"name\":\"Week 36, 2026 - Events & Dates in Karlsruhe - karlsruhe.digital\",\"isPartOf\":{\"@id\":\"https:\\\/\\\/karlsruhe.digital\\\/en\\\/#website\"},\"primaryImageOfPage\":{\"@id\":\"https:\\\/\\\/karlsruhe.digital\\\/en\\\/2026\\\/08\\\/kw-36-2026-events-dates-in-karlsruhe\\\/#primaryimage\"},\"image\":{\"@id\":\"https:\\\/\\\/karlsruhe.digital\\\/en\\\/2026\\\/08\\\/kw-36-2026-events-dates-in-karlsruhe\\\/#primaryimage\"},\"thumbnailUrl\":\"https:\\\/\\\/karlsruhe.digital\\\/wp-content\\\/uploads\\\/2026\\\/08\\\/Summer6.png\",\"datePublished\":\"2026-08-31T05:30:00+00:00\",\"dateModified\":\"2026-08-31T05:30:46+00:00\",\"description\":\"Digital events in and from Karlsruhe at a glance. Compiled for you every Monday by karlsruhe.digital. Week 36 of 2026.\",\"breadcrumb\":{\"@id\":\"https:\\\/\\\/karlsruhe.digital\\\/en\\\/2026\\\/08\\\/kw-36-2026-events-dates-in-karlsruhe\\\/#breadcrumb\"},\"inLanguage\":\"en-US\",\"potentialAction\":[{\"@type\":\"ReadAction\",\"target\":[\"https:\\\/\\\/karlsruhe.digital\\\/en\\\/2026\\\/08\\\/kw-36-2026-events-dates-in-karlsruhe\\\/\"]}]},{\"@type\":\"ImageObject\",\"inLanguage\":\"en-US\",\"@id\":\"https:\\\/\\\/karlsruhe.digital\\\/en\\\/2026\\\/08\\\/kw-36-2026-events-dates-in-karlsruhe\\\/#primaryimage\",\"url\":\"https:\\\/\\\/karlsruhe.digital\\\/wp-content\\\/uploads\\\/2026\\\/08\\\/Summer6.png\",\"contentUrl\":\"https:\\\/\\\/karlsruhe.digital\\\/wp-content\\\/uploads\\\/2026\\\/08\\\/Summer6.png\",\"width\":1920,\"height\":1080},{\"@type\":\"BreadcrumbList\",\"@id\":\"https:\\\/\\\/karlsruhe.digital\\\/en\\\/2026\\\/08\\\/kw-36-2026-events-dates-in-karlsruhe\\\/#breadcrumb\",\"itemListElement\":[{\"@type\":\"ListItem\",\"position\":1,\"name\":\"Home\",\"item\":\"https:\\\/\\\/karlsruhe.digital\\\/en\\\/\"},{\"@type\":\"ListItem\",\"position\":2,\"name\":\"Week 36, 2026 &#8211; Events &#038; Dates in Karlsruhe\"}]},{\"@type\":\"WebSite\",\"@id\":\"https:\\\/\\\/karlsruhe.digital\\\/en\\\/#website\",\"url\":\"https:\\\/\\\/karlsruhe.digital\\\/en\\\/\",\"name\":\"karlsruhe.digital\",\"description\":\"Motor der Digitalisierung\",\"publisher\":{\"@id\":\"https:\\\/\\\/karlsruhe.digital\\\/en\\\/#organization\"},\"alternateName\":\"karlsruhe.digital\",\"potentialAction\":[{\"@type\":\"SearchAction\",\"target\":{\"@type\":\"EntryPoint\",\"urlTemplate\":\"https:\\\/\\\/karlsruhe.digital\\\/en\\\/?s={search_term_string}\"},\"query-input\":{\"@type\":\"PropertyValueSpecification\",\"valueRequired\":true,\"valueName\":\"search_term_string\"}}],\"inLanguage\":\"en-US\"},{\"@type\":\"Organization\",\"@id\":\"https:\\\/\\\/karlsruhe.digital\\\/en\\\/#organization\",\"name\":\"karlsruhe.digital\",\"alternateName\":\"Motor der Digitalisierung\",\"url\":\"https:\\\/\\\/karlsruhe.digital\\\/en\\\/\",\"logo\":{\"@type\":\"ImageObject\",\"inLanguage\":\"en-US\",\"@id\":\"https:\\\/\\\/karlsruhe.digital\\\/en\\\/#\\\/schema\\\/logo\\\/image\\\/\",\"url\":\"https:\\\/\\\/karlsruhe.digital\\\/wp-content\\\/uploads\\\/2023\\\/11\\\/karlsruhe-digital.webp\",\"contentUrl\":\"https:\\\/\\\/karlsruhe.digital\\\/wp-content\\\/uploads\\\/2023\\\/11\\\/karlsruhe-digital.webp\",\"width\":64,\"height\":64,\"caption\":\"karlsruhe.digital\"},\"image\":{\"@id\":\"https:\\\/\\\/karlsruhe.digital\\\/en\\\/#\\\/schema\\\/logo\\\/image\\\/\"},\"sameAs\":[\"https:\\\/\\\/www.facebook.com\\\/karlsruhe.digital\",\"https:\\\/\\\/x.com\\\/KA_digital\",\"https:\\\/\\\/www.instagram.com\\\/karlsruhe.digital\\\/\",\"https:\\\/\\\/de.linkedin.com\\\/company\\\/karlsruhedigital\"],\"ownershipFundingInfo\":\"https:\\\/\\\/karlsruhe.digital\\\/ueber-karlsruhe-digital\\\/organisation\\\/\",\"actionableFeedbackPolicy\":\"https:\\\/\\\/karlsruhe.digital\\\/ueber-karlsruhe-digital\\\/ansprechpersonen\\\/\"},{\"@type\":\"Person\",\"@id\":\"https:\\\/\\\/karlsruhe.digital\\\/en\\\/#\\\/schema\\\/person\\\/5a73e8fc12c2724c1c7d1c0a9fa184ec\",\"name\":\"Netzoptimisten\",\"url\":\"https:\\\/\\\/karlsruhe.digital\\\/en\\\/author\\\/netzoptimisten\\\/\"}]}<\/script>\n<!-- \/ Yoast SEO Premium plugin. -->","yoast_head_json":{"title":"Week 36, 2026 - Events & Dates in Karlsruhe - karlsruhe.digital","description":"Digital events in and from Karlsruhe at a glance. Compiled for you every Monday by karlsruhe.digital. Week 36 of 2026.","robots":{"index":"index","follow":"follow","max-snippet":"max-snippet:-1","max-image-preview":"max-image-preview:large","max-video-preview":"max-video-preview:-1"},"canonical":"https:\/\/karlsruhe.digital\/en\/2026\/08\/kw-36-2026-events-dates-in-karlsruhe\/","og_locale":"en_US","og_type":"article","og_title":"Week 36, 2026 - Events & Dates in Karlsruhe","og_description":"Digital events in and from Karlsruhe at a glance. Compiled for you every Monday by karlsruhe.digital. Week 36 of 2026.","og_url":"https:\/\/karlsruhe.digital\/en\/2026\/08\/kw-36-2026-events-dates-in-karlsruhe\/","og_site_name":"karlsruhe.digital","article_publisher":"https:\/\/www.facebook.com\/karlsruhe.digital","article_published_time":"2026-08-31T05:30:00+00:00","article_modified_time":"2026-08-31T05:30:46+00:00","og_image":[{"url":"https:\/\/karlsruhe.digital\/wp-content\/uploads\/2026\/08\/Summer6.png","width":1024,"height":576,"type":"image\/png"}],"author":"Netzoptimisten","twitter_card":"summary_large_image","twitter_creator":"@KA_digital","twitter_site":"@KA_digital","twitter_misc":{"Written by":"Netzoptimisten","Est. reading time":"3 minutes"},"schema":{"@context":"https:\/\/schema.org","@graph":[{"@type":["Article","BlogPosting"],"@id":"https:\/\/karlsruhe.digital\/en\/2026\/08\/kw-36-2026-events-dates-in-karlsruhe\/#article","isPartOf":{"@id":"https:\/\/karlsruhe.digital\/en\/2026\/08\/kw-36-2026-events-dates-in-karlsruhe\/"},"author":{"name":"Netzoptimisten","@id":"https:\/\/karlsruhe.digital\/en\/#\/schema\/person\/5a73e8fc12c2724c1c7d1c0a9fa184ec"},"headline":"Week 36, 2026 &#8211; Events &#038; Dates in Karlsruhe","datePublished":"2026-08-31T05:30:00+00:00","dateModified":"2026-08-31T05:30:46+00:00","mainEntityOfPage":{"@id":"https:\/\/karlsruhe.digital\/en\/2026\/08\/kw-36-2026-events-dates-in-karlsruhe\/"},"wordCount":597,"publisher":{"@id":"https:\/\/karlsruhe.digital\/en\/#organization"},"image":{"@id":"https:\/\/karlsruhe.digital\/en\/2026\/08\/kw-36-2026-events-dates-in-karlsruhe\/#primaryimage"},"thumbnailUrl":"https:\/\/karlsruhe.digital\/wp-content\/uploads\/2026\/08\/Summer6.png","articleSection":["Event overview"],"inLanguage":"en-US"},{"@type":"WebPage","@id":"https:\/\/karlsruhe.digital\/en\/2026\/08\/kw-36-2026-events-dates-in-karlsruhe\/","url":"https:\/\/karlsruhe.digital\/en\/2026\/08\/kw-36-2026-events-dates-in-karlsruhe\/","name":"Week 36, 2026 - Events & Dates in Karlsruhe - karlsruhe.digital","isPartOf":{"@id":"https:\/\/karlsruhe.digital\/en\/#website"},"primaryImageOfPage":{"@id":"https:\/\/karlsruhe.digital\/en\/2026\/08\/kw-36-2026-events-dates-in-karlsruhe\/#primaryimage"},"image":{"@id":"https:\/\/karlsruhe.digital\/en\/2026\/08\/kw-36-2026-events-dates-in-karlsruhe\/#primaryimage"},"thumbnailUrl":"https:\/\/karlsruhe.digital\/wp-content\/uploads\/2026\/08\/Summer6.png","datePublished":"2026-08-31T05:30:00+00:00","dateModified":"2026-08-31T05:30:46+00:00","description":"Digital events in and from Karlsruhe at a glance. Compiled for you every Monday by karlsruhe.digital. Week 36 of 2026.","breadcrumb":{"@id":"https:\/\/karlsruhe.digital\/en\/2026\/08\/kw-36-2026-events-dates-in-karlsruhe\/#breadcrumb"},"inLanguage":"en-US","potentialAction":[{"@type":"ReadAction","target":["https:\/\/karlsruhe.digital\/en\/2026\/08\/kw-36-2026-events-dates-in-karlsruhe\/"]}]},{"@type":"ImageObject","inLanguage":"en-US","@id":"https:\/\/karlsruhe.digital\/en\/2026\/08\/kw-36-2026-events-dates-in-karlsruhe\/#primaryimage","url":"https:\/\/karlsruhe.digital\/wp-content\/uploads\/2026\/08\/Summer6.png","contentUrl":"https:\/\/karlsruhe.digital\/wp-content\/uploads\/2026\/08\/Summer6.png","width":1920,"height":1080},{"@type":"BreadcrumbList","@id":"https:\/\/karlsruhe.digital\/en\/2026\/08\/kw-36-2026-events-dates-in-karlsruhe\/#breadcrumb","itemListElement":[{"@type":"ListItem","position":1,"name":"Home","item":"https:\/\/karlsruhe.digital\/en\/"},{"@type":"ListItem","position":2,"name":"Week 36, 2026 &#8211; Events &#038; Dates in Karlsruhe"}]},{"@type":"WebSite","@id":"https:\/\/karlsruhe.digital\/en\/#website","url":"https:\/\/karlsruhe.digital\/en\/","name":"karlsruhe.digital","description":"Motor der Digitalisierung","publisher":{"@id":"https:\/\/karlsruhe.digital\/en\/#organization"},"alternateName":"karlsruhe.digital","potentialAction":[{"@type":"SearchAction","target":{"@type":"EntryPoint","urlTemplate":"https:\/\/karlsruhe.digital\/en\/?s={search_term_string}"},"query-input":{"@type":"PropertyValueSpecification","valueRequired":true,"valueName":"search_term_string"}}],"inLanguage":"en-US"},{"@type":"Organization","@id":"https:\/\/karlsruhe.digital\/en\/#organization","name":"karlsruhe.digital","alternateName":"Motor der Digitalisierung","url":"https:\/\/karlsruhe.digital\/en\/","logo":{"@type":"ImageObject","inLanguage":"en-US","@id":"https:\/\/karlsruhe.digital\/en\/#\/schema\/logo\/image\/","url":"https:\/\/karlsruhe.digital\/wp-content\/uploads\/2023\/11\/karlsruhe-digital.webp","contentUrl":"https:\/\/karlsruhe.digital\/wp-content\/uploads\/2023\/11\/karlsruhe-digital.webp","width":64,"height":64,"caption":"karlsruhe.digital"},"image":{"@id":"https:\/\/karlsruhe.digital\/en\/#\/schema\/logo\/image\/"},"sameAs":["https:\/\/www.facebook.com\/karlsruhe.digital","https:\/\/x.com\/KA_digital","https:\/\/www.instagram.com\/karlsruhe.digital\/","https:\/\/de.linkedin.com\/company\/karlsruhedigital"],"ownershipFundingInfo":"https:\/\/karlsruhe.digital\/ueber-karlsruhe-digital\/organisation\/","actionableFeedbackPolicy":"https:\/\/karlsruhe.digital\/ueber-karlsruhe-digital\/ansprechpersonen\/"},{"@type":"Person","@id":"https:\/\/karlsruhe.digital\/en\/#\/schema\/person\/5a73e8fc12c2724c1c7d1c0a9fa184ec","name":"Netzoptimisten","url":"https:\/\/karlsruhe.digital\/en\/author\/netzoptimisten\/"}]}},"_links":{"self":[{"href":"https:\/\/karlsruhe.digital\/en\/wp-json\/wp\/v2\/posts\/20863","targetHints":{"allow":["GET"]}}],"collection":[{"href":"https:\/\/karlsruhe.digital\/en\/wp-json\/wp\/v2\/posts"}],"about":[{"href":"https:\/\/karlsruhe.digital\/en\/wp-json\/wp\/v2\/types\/post"}],"author":[{"embeddable":true,"href":"https:\/\/karlsruhe.digital\/en\/wp-json\/wp\/v2\/users\/9"}],"replies":[{"embeddable":true,"href":"https:\/\/karlsruhe.digital\/en\/wp-json\/wp\/v2\/comments?post=20863"}],"version-history":[{"count":1,"href":"https:\/\/karlsruhe.digital\/en\/wp-json\/wp\/v2\/posts\/20863\/revisions"}],"predecessor-version":[{"id":20865,"href":"https:\/\/karlsruhe.digital\/en\/wp-json\/wp\/v2\/posts\/20863\/revisions\/20865"}],"wp:featuredmedia":[{"embeddable":true,"href":"https:\/\/karlsruhe.digital\/en\/wp-json\/wp\/v2\/media\/20864"}],"wp:attachment":[{"href":"https:\/\/karlsruhe.digital\/en\/wp-json\/wp\/v2\/media?parent=20863"}],"wp:term":[{"taxonomy":"category","embeddable":true,"href":"https:\/\/karlsruhe.digital\/en\/wp-json\/wp\/v2\/categories?post=20863"},{"taxonomy":"post_tag","embeddable":true,"href":"https:\/\/karlsruhe.digital\/en\/wp-json\/wp\/v2\/tags?post=20863"}],"curies":[{"name":"wp","href":"https:\/\/api.w.org\/{rel}","templated":true}]}}